{"id":1176,"date":"2022-09-01T10:00:50","date_gmt":"2022-09-01T10:00:50","guid":{"rendered":"https:\/\/sdiscoeurdelavaux.ch\/www\/?p=1176"},"modified":"2022-09-18T16:27:51","modified_gmt":"2022-09-18T16:27:51","slug":"inauguration-de-la-caserne-de-forel","status":"publish","type":"post","link":"https:\/\/sdiscoeurdelavaux.ch\/www\/medias\/2022\/inauguration-de-la-caserne-de-forel\/","title":{"rendered":"Inauguration de la caserne de Forel"},"content":{"rendered":"\n<p class=\"has-medium-font-size\">La nouvelle caserne principale du SDIS C\u0153ur de Lavaux ouvre ses portes ! Nous vous invitons \u00e0 nous visiter le samedi 24 septembre \u00e0 Forel (Lavaux).<\/p>\n\n\n\n<p><\/p>\n\n\n\n<h2 class=\"wp-block-heading\">Programme<\/h2>\n\n\n\n<p><strong>10:00<\/strong> Ouverture des festivit\u00e9s<br><strong>11:00<\/strong> Message de bienvenue de la commune et du SDIS<br><strong>11:30<\/strong> Verre de l\u2019amiti\u00e9<br><strong>12:00-16:00<\/strong> Petite restauration, jeux concours et animations<br><strong>13:00<\/strong> L\u00e2cher de ballons<br><strong>13:30<\/strong> D\u00e9monstration des JSP<br><strong>16:00<\/strong> Fin des festivit\u00e9s<\/p>\n\n\n\n<p><\/p>\n\n\n\n<h2 class=\"wp-block-heading\">Passez nous voir<\/h2>\n\n\n\n<p><a href=\"https:\/\/goo.gl\/maps\/tgPx6F57zHJHGmvA6\" data-type=\"URL\" data-id=\"https:\/\/goo.gl\/maps\/tgPx6F57zHJHGmvA6\" target=\"_blank\" rel=\"noreferrer noopener\">Route de Vevey 11 bis<br>1072 Forel (Lavaux)<\/a><\/p>\n\n\n\n<p><\/p>\n\n\n\n<div class=\"wp-block-buttons is-content-justification-left is-layout-flex wp-container-core-buttons-is-layout-fdcfc74e wp-block-buttons-is-layout-flex\">\n<div class=\"wp-block-button\"><a class=\"wp-block-button__link\" href=\"https:\/\/sdiscoeurdelavaux.ch\/www\/wp-content\/uploads\/2022\/09\/inaugruation-Forel.ics\">Ajouter au calendrier<\/a><\/div>\n\n\n\n<div class=\"wp-block-button\"><a class=\"wp-block-button__link\" href=\"https:\/\/sdiscoeurdelavaux.ch\/www\/wp-content\/uploads\/2022\/09\/Flyer_inauguration.pdf\" target=\"_blank\" rel=\"noreferrer noopener\">T\u00e9l\u00e9charger le flyer<\/a><\/div>\n<\/div>\n","protected":false},"excerpt":{"rendered":"<p>La nouvelle caserne principale du SDIS C\u0153ur de Lavaux ouvre ses portes ! Nous vous invitons \u00e0 nous visiter le samedi 24 septembre \u00e0 Forel (Lavaux). Programme 10:00 Ouverture des festivit\u00e9s11:00 Message de bienvenue de la commune et du SDIS11:30 Verre de l\u2019amiti\u00e912:00-16:00 Petite restauration, jeux concours et animations13:00 L\u00e2cher de ballons13:30 D\u00e9monstration des JSP16:00 [&hellip;]<\/p>\n","protected":false},"author":1,"featured_media":1173,"comment_status":"open","ping_status":"open","sticky":false,"template":"","format":"standard","meta":{"_et_pb_use_builder":"off","_et_pb_old_content":"","_et_gb_content_width":"","footnotes":""},"categories":[11],"tags":[],"class_list":["post-1176","post","type-post","status-publish","format-standard","has-post-thumbnail","hentry","category-news"],"_links":{"self":[{"href":"https:\/\/sdiscoeurdelavaux.ch\/www\/wp-json\/wp\/v2\/posts\/1176","targetHints":{"allow":["GET"]}}],"collection":[{"href":"https:\/\/sdiscoeurdelavaux.ch\/www\/wp-json\/wp\/v2\/posts"}],"about":[{"href":"https:\/\/sdiscoeurdelavaux.ch\/www\/wp-json\/wp\/v2\/types\/post"}],"author":[{"embeddable":true,"href":"https:\/\/sdiscoeurdelavaux.ch\/www\/wp-json\/wp\/v2\/users\/1"}],"replies":[{"embeddable":true,"href":"https:\/\/sdiscoeurdelavaux.ch\/www\/wp-json\/wp\/v2\/comments?post=1176"}],"version-history":[{"count":3,"href":"https:\/\/sdiscoeurdelavaux.ch\/www\/wp-json\/wp\/v2\/posts\/1176\/revisions"}],"predecessor-version":[{"id":1199,"href":"https:\/\/sdiscoeurdelavaux.ch\/www\/wp-json\/wp\/v2\/posts\/1176\/revisions\/1199"}],"wp:featuredmedia":[{"embeddable":true,"href":"https:\/\/sdiscoeurdelavaux.ch\/www\/wp-json\/wp\/v2\/media\/1173"}],"wp:attachment":[{"href":"https:\/\/sdiscoeurdelavaux.ch\/www\/wp-json\/wp\/v2\/media?parent=1176"}],"wp:term":[{"taxonomy":"category","embeddable":true,"href":"https:\/\/sdiscoeurdelavaux.ch\/www\/wp-json\/wp\/v2\/categories?post=1176"},{"taxonomy":"post_tag","embeddable":true,"href":"https:\/\/sdiscoeurdelavaux.ch\/www\/wp-json\/wp\/v2\/tags?post=1176"}],"curies":[{"name":"wp","href":"https:\/\/api.w.org\/{rel}","templated":true}]}}