{"id":1636,"date":"2023-11-23T08:00:15","date_gmt":"2023-11-23T08:00:15","guid":{"rendered":"https:\/\/sdiscoeurdelavaux.ch\/www\/?p=1636"},"modified":"2024-11-16T10:47:08","modified_gmt":"2024-11-16T10:47:08","slug":"le-sdis-coeur-de-lavaux-sous-leau","status":"publish","type":"post","link":"https:\/\/sdiscoeurdelavaux.ch\/www\/medias\/2023\/le-sdis-coeur-de-lavaux-sous-leau\/","title":{"rendered":"Le SDIS C\u0153ur de Lavaux sous l\u2019eau"},"content":{"rendered":"\n<p>En ce mois de novembre 2023, la r\u00e9gion de Lavaux a \u00e9t\u00e9 particuli\u00e8rement touch\u00e9e par des orages. Le SDIS C\u0153ur de Lavaux est sorti \u00e0 plusieurs reprises pour des inondations, des chutes d\u2019arbres, et des pr\u00e9ventions de chute d\u2019objets.<\/p>\n\n\n\n<p><\/p>\n\n\n\n<h2 class=\"wp-block-heading\">Du vent et pas de courant<\/h2>\n\n\n\n<p>Durant le week-end du 3 au 6 novembre, une temp\u00eate a travers\u00e9 la r\u00e9gion. Les communes de Bourg-en-Lavaux, Forel, et Savigny ont \u00e9t\u00e9 les plus touch\u00e9es. Nous sommes intervenus \u00e0 9 reprises en l\u2019espace de 20 heures, dont 6 fois dans la nuit de samedi \u00e0 dimanche. Les fortes pluies, les vents \u00e9lev\u00e9s ainsi qu\u2019une panne d\u2019\u00e9lectricit\u00e9 de 8 heures ont contribu\u00e9s \u00e0 l\u2019ampleur de cet \u00e9v\u00e9nement. La police et la voirie de Savigny nous ont aid\u00e9s durant cette p\u00e9riode.<\/p>\n\n\n\n<figure class=\"wp-block-image aligncenter size-full max-w-480\"><img loading=\"lazy\" decoding=\"async\" width=\"2048\" height=\"1152\" src=\"https:\/\/sdiscoeurdelavaux.ch\/www\/wp-content\/uploads\/2023\/11\/Arbre-Savigny.jpg\" alt=\"\" class=\"wp-image-1648\" srcset=\"https:\/\/sdiscoeurdelavaux.ch\/www\/wp-content\/uploads\/2023\/11\/Arbre-Savigny.jpg 2048w, https:\/\/sdiscoeurdelavaux.ch\/www\/wp-content\/uploads\/2023\/11\/Arbre-Savigny-1280x720.jpg 1280w, https:\/\/sdiscoeurdelavaux.ch\/www\/wp-content\/uploads\/2023\/11\/Arbre-Savigny-980x551.jpg 980w, https:\/\/sdiscoeurdelavaux.ch\/www\/wp-content\/uploads\/2023\/11\/Arbre-Savigny-480x270.jpg 480w\" sizes=\"(min-width: 0px) and (max-width: 480px) 480px, (min-width: 481px) and (max-width: 980px) 980px, (min-width: 981px) and (max-width: 1280px) 1280px, (min-width: 1281px) 2048px, 100vw\" \/><figcaption class=\"wp-element-caption\"><mark style=\"background-color:rgba(0, 0, 0, 0)\" class=\"has-inline-color has-cyan-bluish-gray-color\">Chute d&rsquo;arbre du 4 novembre, Savigny<\/mark><\/figcaption><\/figure>\n\n\n\n<p>En finalit\u00e9, plus de 29 de nos sapeurs ont \u00e9t\u00e9 mobilis\u00e9s, comprenant aussi bien des membres du DPS (d\u00e9tachement de premiers secours), que du DAP (d\u00e9tachement d\u2019appui). 5 v\u00e9hicules ont \u00e9t\u00e9 employ\u00e9s ainsi que de nombreux moyens mat\u00e9riels.<\/p>\n\n\n\n<p><\/p>\n\n\n\n<h2 class=\"wp-block-heading\">La grande crue<\/h2>\n\n\n\n<p>Environ une semaine plus tard, le mardi 14 et mercredi 15 novembre, notre secteur a de nouveau \u00e9t\u00e9 touch\u00e9 par des averses. La premi\u00e8re alerte d\u2019inondation est arriv\u00e9e \u00e0 13h03. Avec deux nouvelles inondations, un PCA (poste de commandement avanc\u00e9) a \u00e9t\u00e9 mis sur pied \u00e0 14h30. A partir de ce moment, nous avons re\u00e7u 46 alertes suppl\u00e9mentaires. Pour mettre ce nombre en perspective, cela correspond \u00e0 un tiers de notre moyenne annuelle d&rsquo;interventions.<br>Le d\u00e9bordement du Forestay a caus\u00e9 des inondations multiples \u00e0 Puidoux, touchant 7 b\u00e2timents voisins. Un PC (poste de commandement) d\u00e9di\u00e9 a \u00e9t\u00e9 mis en place pour g\u00e9rer ces engagements.<\/p>\n\n\n\n<figure class=\"wp-block-image aligncenter size-full max-w-480\"><img loading=\"lazy\" decoding=\"async\" width=\"2560\" height=\"1440\" src=\"https:\/\/sdiscoeurdelavaux.ch\/www\/wp-content\/uploads\/2023\/11\/Orages-novembre-2023-scaled.jpg\" alt=\"\" class=\"wp-image-1647\" srcset=\"https:\/\/sdiscoeurdelavaux.ch\/www\/wp-content\/uploads\/2023\/11\/Orages-novembre-2023-scaled.jpg 2560w, https:\/\/sdiscoeurdelavaux.ch\/www\/wp-content\/uploads\/2023\/11\/Orages-novembre-2023-1280x720.jpg 1280w, https:\/\/sdiscoeurdelavaux.ch\/www\/wp-content\/uploads\/2023\/11\/Orages-novembre-2023-980x551.jpg 980w, https:\/\/sdiscoeurdelavaux.ch\/www\/wp-content\/uploads\/2023\/11\/Orages-novembre-2023-480x270.jpg 480w\" sizes=\"(min-width: 0px) and (max-width: 480px) 480px, (min-width: 481px) and (max-width: 980px) 980px, (min-width: 981px) and (max-width: 1280px) 1280px, (min-width: 1281px) 2560px, 100vw\" \/><figcaption class=\"wp-element-caption\"><mark style=\"background-color:rgba(0, 0, 0, 0)\" class=\"has-inline-color has-cyan-bluish-gray-color\">D\u00e9bordement du Forestay le 14 novembre, Puidoux<\/mark><\/figcaption><\/figure>\n\n\n\n<p>Point de situation mercredi \u00e0 1h, douze heures apr\u00e8s la premi\u00e8re intervention&nbsp;: la majorit\u00e9 des missions sont abouties, avec du mat\u00e9riel laiss\u00e9 chez certains sinistr\u00e9s. Deux inondations suppl\u00e9mentaires ont eu lieu mercredi.<br>Lors de ces interventions, nous avons pu compter sur la gendarmerie, les services de police locaux, la DGMR, la DGE, la voirie de Bourg-en-Lavaux, la protection civile Lavaux-Oron, le service logistique de l\u2019ECA, JDC Electricit\u00e9, les entreprises de curage et de g\u00e9nie civile, ainsi que les instances politiques communales. Le SDIS La M\u00e8bre a \u00e9galement pr\u00eat\u00e9 main forte avec un renfort mat\u00e9riel.<br>Pour r\u00e9sumer, nous sommes intervenus \u00e0 52 reprises sur les communes de Bourg-en-Lavaux, Chexbres, Forel, Puidoux, et Savigny. Au niveau des effectifs, 58 de nos sapeurs sont intervenus, dont 43 du DPS et 15 du DAP. 9 v\u00e9hicules ont \u00e9t\u00e9 utilis\u00e9s, soit tous nos v\u00e9hicules hormis les tonnes-pompes (r\u00e9serv\u00e9s pour d\u2019\u00e9ventuels feux).<\/p>\n\n\n\n<p>Pour conclure, le SDIS C\u0153ur de Lavaux est sorti \u00e0 63 reprises entre le 2 et 15 novembre pour des interventions li\u00e9es aux intemp\u00e9ries. Chaque ann\u00e9e, nous remarquons une hausse dans la quantit\u00e9 et l\u2019intensit\u00e9 de ces orages. Dans le cadre de ces missions, nous avons pu mettre \u00e0 profit nos nouveaux \u00e9quipements \u00ab protection \u00e0 l\u2019objet \u00bb et nos nouvelles pompes grand d\u00e9bit. Nous tenons \u00e0 remercier tous nos sapeurs (volontaires), ainsi que les partenaires qui sont intervenus.<\/p>\n\n\n\n<p><\/p>\n\n\n\n<p class=\"has-text-align-left\"><em>Article r\u00e9dig\u00e9 par Martijn Sassen<\/em> <em>au nom de la commission de promotion<\/em><\/p>\n\n\n\n<p><\/p>\n\n\n\n<p><\/p>\n\n\n\n<div class=\"wp-block-buttons is-layout-flex wp-block-buttons-is-layout-flex\">\n<div class=\"wp-block-button\"><a class=\"wp-block-button__link has-text-align-left wp-element-button\" href=\"https:\/\/www.le-courrier.ch\/leau-a-la-cave-dans-tout-le-district\/\" target=\"_blank\" rel=\"noreferrer noopener\">Article Le Courrier<\/a><\/div>\n<\/div>\n","protected":false},"excerpt":{"rendered":"<p>Dans ce mois de novembre 2023, le SDIS est intervenu 63 fois pour des sinistres li\u00e9s aux intemp\u00e9ries. D\u00e9couvrez-en plus dans cet article.<\/p>\n","protected":false},"author":1,"featured_media":1647,"comment_status":"closed","ping_status":"open","sticky":false,"template":"","format":"standard","meta":{"_et_pb_use_builder":"off","_et_pb_old_content":"","_et_gb_content_width":"795","footnotes":""},"categories":[11],"tags":[],"class_list":["post-1636","post","type-post","status-publish","format-standard","has-post-thumbnail","hentry","category-news"],"_links":{"self":[{"href":"https:\/\/sdiscoeurdelavaux.ch\/www\/wp-json\/wp\/v2\/posts\/1636","targetHints":{"allow":["GET"]}}],"collection":[{"href":"https:\/\/sdiscoeurdelavaux.ch\/www\/wp-json\/wp\/v2\/posts"}],"about":[{"href":"https:\/\/sdiscoeurdelavaux.ch\/www\/wp-json\/wp\/v2\/types\/post"}],"author":[{"embeddable":true,"href":"https:\/\/sdiscoeurdelavaux.ch\/www\/wp-json\/wp\/v2\/users\/1"}],"replies":[{"embeddable":true,"href":"https:\/\/sdiscoeurdelavaux.ch\/www\/wp-json\/wp\/v2\/comments?post=1636"}],"version-history":[{"count":34,"href":"https:\/\/sdiscoeurdelavaux.ch\/www\/wp-json\/wp\/v2\/posts\/1636\/revisions"}],"predecessor-version":[{"id":2043,"href":"https:\/\/sdiscoeurdelavaux.ch\/www\/wp-json\/wp\/v2\/posts\/1636\/revisions\/2043"}],"wp:featuredmedia":[{"embeddable":true,"href":"https:\/\/sdiscoeurdelavaux.ch\/www\/wp-json\/wp\/v2\/media\/1647"}],"wp:attachment":[{"href":"https:\/\/sdiscoeurdelavaux.ch\/www\/wp-json\/wp\/v2\/media?parent=1636"}],"wp:term":[{"taxonomy":"category","embeddable":true,"href":"https:\/\/sdiscoeurdelavaux.ch\/www\/wp-json\/wp\/v2\/categories?post=1636"},{"taxonomy":"post_tag","embeddable":true,"href":"https:\/\/sdiscoeurdelavaux.ch\/www\/wp-json\/wp\/v2\/tags?post=1636"}],"curies":[{"name":"wp","href":"https:\/\/api.w.org\/{rel}","templated":true}]}}