{"id":445,"date":"2019-08-30T21:00:30","date_gmt":"2019-08-30T21:00:30","guid":{"rendered":"https:\/\/sdiscoeurdelavaux.ch\/www\/?p=445"},"modified":"2021-02-22T09:43:43","modified_gmt":"2021-02-22T09:43:43","slug":"inauguration-de-la-caserne-des-fortunades-le-samedi-24-aout-2019","status":"publish","type":"post","link":"https:\/\/sdiscoeurdelavaux.ch\/www\/medias\/2019\/inauguration-de-la-caserne-des-fortunades-le-samedi-24-aout-2019\/","title":{"rendered":"Inauguration de la caserne des Fortunades"},"content":{"rendered":"\n<p>Le SDIS Coeur de Lavaux a eu le plaisir d&rsquo;inaugurer officiellement sa nouvelle caserne de Cully le samedi 24 ao\u00fbt 2019 en pr\u00e9sence des autorit\u00e9s communales et de la population qui a \u00e9t\u00e9 invit\u00e9e pour l&rsquo;occasion.<\/p>\n\n\n\n<p>Vous trouverez ci-dessous divers articles en lien avec cette \u00e9tape importante dans l&rsquo;\u00e9volution de notre SDIS.<\/p>\n\n\n\n<p><\/p>\n\n\n\n<div class=\"wp-block-file\"><a href=\"https:\/\/sdiscoeurdelavaux.ch\/www\/wp-content\/uploads\/2021\/02\/Info_Commune_Bourg-en-Lavaux-1.pdf\" target=\"_blank\" rel=\"noreferrer noopener\">Informations de la commune<\/a><a href=\"https:\/\/sdiscoeurdelavaux.ch\/www\/wp-content\/uploads\/2021\/02\/Info_Commune_Bourg-en-Lavaux-1.pdf\" class=\"wp-block-file__button\" download>T\u00e9l\u00e9charger<\/a><\/div>\n\n\n\n<div class=\"wp-block-file\"><a href=\"https:\/\/sdiscoeurdelavaux.ch\/www\/wp-content\/uploads\/2021\/02\/Le_Regional_Caserne_des_Fortunades_22.08.19.pdf\" target=\"_blank\" rel=\"noreferrer noopener\">Article Le R\u00e9gional<\/a><a href=\"https:\/\/sdiscoeurdelavaux.ch\/www\/wp-content\/uploads\/2021\/02\/Le_Regional_Caserne_des_Fortunades_22.08.19.pdf\" class=\"wp-block-file__button\" download>T\u00e9l\u00e9charger<\/a><\/div>\n\n\n\n<div class=\"wp-block-file\"><a href=\"https:\/\/sdiscoeurdelavaux.ch\/www\/wp-content\/uploads\/2021\/02\/Inauguration_Fortunades_24heures_du_20.08.2019.pdf\" target=\"_blank\" rel=\"noreferrer noopener\">Article 24 heures<\/a><a href=\"https:\/\/sdiscoeurdelavaux.ch\/www\/wp-content\/uploads\/2021\/02\/Inauguration_Fortunades_24heures_du_20.08.2019.pdf\" class=\"wp-block-file__button\" download>T\u00e9l\u00e9charger<\/a><\/div>\n\n\n\n<div class=\"wp-block-file\"><a href=\"https:\/\/sdiscoeurdelavaux.ch\/www\/wp-content\/uploads\/2021\/02\/Le_Courrier_Caserne_des_Fortunades_29.08.19.pdf\" target=\"_blank\" rel=\"noreferrer noopener\">Article Le Courrier<\/a><a href=\"https:\/\/sdiscoeurdelavaux.ch\/www\/wp-content\/uploads\/2021\/02\/Le_Courrier_Caserne_des_Fortunades_29.08.19.pdf\" class=\"wp-block-file__button\" download>T\u00e9l\u00e9charger<\/a><\/div>\n","protected":false},"excerpt":{"rendered":"<p>Le SDIS Coeur de Lavaux a eu le plaisir d&rsquo;inaugurer officiellement sa nouvelle caserne de Cully le samedi 24 ao\u00fbt 2019 en pr\u00e9sence des autorit\u00e9s communales et de la population qui a \u00e9t\u00e9 invit\u00e9e pour l&rsquo;occasion. Vous trouverez ci-dessous divers articles en lien avec cette \u00e9tape importante dans l&rsquo;\u00e9volution de notre SDIS.<\/p>\n","protected":false},"author":1,"featured_media":546,"comment_status":"closed","ping_status":"closed","sticky":false,"template":"","format":"standard","meta":{"_et_pb_use_builder":"off","_et_pb_old_content":"","_et_gb_content_width":"","footnotes":""},"categories":[11],"tags":[],"class_list":["post-445","post","type-post","status-publish","format-standard","has-post-thumbnail","hentry","category-news"],"_links":{"self":[{"href":"https:\/\/sdiscoeurdelavaux.ch\/www\/wp-json\/wp\/v2\/posts\/445","targetHints":{"allow":["GET"]}}],"collection":[{"href":"https:\/\/sdiscoeurdelavaux.ch\/www\/wp-json\/wp\/v2\/posts"}],"about":[{"href":"https:\/\/sdiscoeurdelavaux.ch\/www\/wp-json\/wp\/v2\/types\/post"}],"author":[{"embeddable":true,"href":"https:\/\/sdiscoeurdelavaux.ch\/www\/wp-json\/wp\/v2\/users\/1"}],"replies":[{"embeddable":true,"href":"https:\/\/sdiscoeurdelavaux.ch\/www\/wp-json\/wp\/v2\/comments?post=445"}],"version-history":[{"count":0,"href":"https:\/\/sdiscoeurdelavaux.ch\/www\/wp-json\/wp\/v2\/posts\/445\/revisions"}],"wp:featuredmedia":[{"embeddable":true,"href":"https:\/\/sdiscoeurdelavaux.ch\/www\/wp-json\/wp\/v2\/media\/546"}],"wp:attachment":[{"href":"https:\/\/sdiscoeurdelavaux.ch\/www\/wp-json\/wp\/v2\/media?parent=445"}],"wp:term":[{"taxonomy":"category","embeddable":true,"href":"https:\/\/sdiscoeurdelavaux.ch\/www\/wp-json\/wp\/v2\/categories?post=445"},{"taxonomy":"post_tag","embeddable":true,"href":"https:\/\/sdiscoeurdelavaux.ch\/www\/wp-json\/wp\/v2\/tags?post=445"}],"curies":[{"name":"wp","href":"https:\/\/api.w.org\/{rel}","templated":true}]}}