{"id":496,"date":"2019-06-28T21:02:56","date_gmt":"2019-06-28T21:02:56","guid":{"rendered":"https:\/\/sdiscoeurdelavaux.ch\/www\/?p=496"},"modified":"2021-02-21T21:51:54","modified_gmt":"2021-02-21T21:51:54","slug":"inondations-du-22-juin-2019","status":"publish","type":"post","link":"https:\/\/sdiscoeurdelavaux.ch\/www\/medias\/2019\/inondations-du-22-juin-2019\/","title":{"rendered":"Inondations du 22 juin 2019"},"content":{"rendered":"\n<p>23 alarmes ont \u00e9t\u00e9 trait\u00e9es par le SDIS Coeur de Lavaux le week-end du 22 et 23 juin 2019 en raison de l&rsquo;impressionnant orage qui s&rsquo;est abattu sur la Commune de Savigny et plus particuli\u00e8rement \u00e0 Mollie-Margot. Nous remercions tous nos partenaires pour leur aide dans la gestion de cet important sinistre.<\/p>\n\n\n\n<p><\/p>\n\n\n\n<div class=\"wp-block-file\"><a href=\"https:\/\/sdiscoeurdelavaux.ch\/www\/wp-content\/uploads\/2021\/02\/Ino_22.06.19_Le_Regional.pdf\">Article Le R\u00e9gional<\/a><a href=\"https:\/\/sdiscoeurdelavaux.ch\/www\/wp-content\/uploads\/2021\/02\/Ino_22.06.19_Le_Regional.pdf\" class=\"wp-block-file__button\" download>T\u00e9l\u00e9charger<\/a><\/div>\n","protected":false},"excerpt":{"rendered":"<p>23 alarmes ont \u00e9t\u00e9 trait\u00e9es par le SDIS Coeur de Lavaux le week-end du 22 et 23 juin 2019 en raison de l&rsquo;impressionnant orage qui s&rsquo;est abattu sur la Commune de Savigny et plus particuli\u00e8rement \u00e0 Mollie-Margot. Nous remercions tous nos partenaires pour leur aide dans la gestion de cet important sinistre.<\/p>\n","protected":false},"author":1,"featured_media":0,"comment_status":"closed","ping_status":"closed","sticky":false,"template":"","format":"standard","meta":{"_et_pb_use_builder":"off","_et_pb_old_content":"","_et_gb_content_width":"","footnotes":""},"categories":[11],"tags":[],"class_list":["post-496","post","type-post","status-publish","format-standard","hentry","category-news"],"_links":{"self":[{"href":"https:\/\/sdiscoeurdelavaux.ch\/www\/wp-json\/wp\/v2\/posts\/496","targetHints":{"allow":["GET"]}}],"collection":[{"href":"https:\/\/sdiscoeurdelavaux.ch\/www\/wp-json\/wp\/v2\/posts"}],"about":[{"href":"https:\/\/sdiscoeurdelavaux.ch\/www\/wp-json\/wp\/v2\/types\/post"}],"author":[{"embeddable":true,"href":"https:\/\/sdiscoeurdelavaux.ch\/www\/wp-json\/wp\/v2\/users\/1"}],"replies":[{"embeddable":true,"href":"https:\/\/sdiscoeurdelavaux.ch\/www\/wp-json\/wp\/v2\/comments?post=496"}],"version-history":[{"count":0,"href":"https:\/\/sdiscoeurdelavaux.ch\/www\/wp-json\/wp\/v2\/posts\/496\/revisions"}],"wp:attachment":[{"href":"https:\/\/sdiscoeurdelavaux.ch\/www\/wp-json\/wp\/v2\/media?parent=496"}],"wp:term":[{"taxonomy":"category","embeddable":true,"href":"https:\/\/sdiscoeurdelavaux.ch\/www\/wp-json\/wp\/v2\/categories?post=496"},{"taxonomy":"post_tag","embeddable":true,"href":"https:\/\/sdiscoeurdelavaux.ch\/www\/wp-json\/wp\/v2\/tags?post=496"}],"curies":[{"name":"wp","href":"https:\/\/api.w.org\/{rel}","templated":true}]}}