{"id":637,"date":"2021-03-02T22:06:07","date_gmt":"2021-03-02T22:06:07","guid":{"rendered":"https:\/\/sdiscoeurdelavaux.ch\/www\/?p=637"},"modified":"2021-03-02T22:17:28","modified_gmt":"2021-03-02T22:17:28","slug":"debut-des-travaux-a-forel","status":"publish","type":"post","link":"https:\/\/sdiscoeurdelavaux.ch\/www\/medias\/2021\/debut-des-travaux-a-forel\/","title":{"rendered":"D\u00e9but des travaux \u00e0 Forel"},"content":{"rendered":"\n<p>Les premi\u00e8res machines se mettent au travail, ce lundi 1er mars. Les travaux sont pr\u00e9vus de se d\u00e9rouler sur une ann\u00e9e, permettant un d\u00e9m\u00e9nagement pour mi-2022.<\/p>\n\n\n\n<p>Voici une vid\u00e9o du Courrier :<\/p>\n\n\n\n<p><\/p>\n\n\n\n<div class=\"wp-block-buttons is-layout-flex wp-block-buttons-is-layout-flex\">\n<div class=\"wp-block-button\"><a class=\"wp-block-button__link\" href=\"https:\/\/www.facebook.com\/lecourrier.lavaux.oron\/videos\/1093427887736117\/\" target=\"_blank\" rel=\"noreferrer noopener\">Le Courrier<\/a><\/div>\n<\/div>\n","protected":false},"excerpt":{"rendered":"<p>Les premi\u00e8res machines se mettent au travail, ce lundi 1er mars. Les travaux sont pr\u00e9vus de se d\u00e9rouler sur une ann\u00e9e, permettant un d\u00e9m\u00e9nagement pour mi-2022. Voici une vid\u00e9o du Courrier :<\/p>\n","protected":false},"author":1,"featured_media":638,"comment_status":"closed","ping_status":"closed","sticky":false,"template":"","format":"standard","meta":{"_et_pb_use_builder":"off","_et_pb_old_content":"","_et_gb_content_width":"","footnotes":""},"categories":[11],"tags":[],"class_list":["post-637","post","type-post","status-publish","format-standard","has-post-thumbnail","hentry","category-news"],"_links":{"self":[{"href":"https:\/\/sdiscoeurdelavaux.ch\/www\/wp-json\/wp\/v2\/posts\/637","targetHints":{"allow":["GET"]}}],"collection":[{"href":"https:\/\/sdiscoeurdelavaux.ch\/www\/wp-json\/wp\/v2\/posts"}],"about":[{"href":"https:\/\/sdiscoeurdelavaux.ch\/www\/wp-json\/wp\/v2\/types\/post"}],"author":[{"embeddable":true,"href":"https:\/\/sdiscoeurdelavaux.ch\/www\/wp-json\/wp\/v2\/users\/1"}],"replies":[{"embeddable":true,"href":"https:\/\/sdiscoeurdelavaux.ch\/www\/wp-json\/wp\/v2\/comments?post=637"}],"version-history":[{"count":0,"href":"https:\/\/sdiscoeurdelavaux.ch\/www\/wp-json\/wp\/v2\/posts\/637\/revisions"}],"wp:featuredmedia":[{"embeddable":true,"href":"https:\/\/sdiscoeurdelavaux.ch\/www\/wp-json\/wp\/v2\/media\/638"}],"wp:attachment":[{"href":"https:\/\/sdiscoeurdelavaux.ch\/www\/wp-json\/wp\/v2\/media?parent=637"}],"wp:term":[{"taxonomy":"category","embeddable":true,"href":"https:\/\/sdiscoeurdelavaux.ch\/www\/wp-json\/wp\/v2\/categories?post=637"},{"taxonomy":"post_tag","embeddable":true,"href":"https:\/\/sdiscoeurdelavaux.ch\/www\/wp-json\/wp\/v2\/tags?post=637"}],"curies":[{"name":"wp","href":"https:\/\/api.w.org\/{rel}","templated":true}]}}